 {"id":7465,"date":"2025-03-26T00:08:11","date_gmt":"2025-03-25T23:08:11","guid":{"rendered":"https:\/\/simratyogaworld.com\/programok\/?p=7465"},"modified":"2025-03-26T00:11:34","modified_gmt":"2025-03-25T23:11:34","slug":"szeretet-szerelem-harmonia-parkapcsolati-elvonulas","status":"publish","type":"post","link":"https:\/\/simratyogaworld.com\/programok\/kozelgo-programjaink\/szeretet-szerelem-harmonia-parkapcsolati-elvonulas\/","title":{"rendered":"Szeretet- szerelem- harm\u00f3nia * p\u00e1rkapcsolati elvonul\u00e1s"},"content":{"rendered":"\r\n<h2 class=\"wp-block-heading\">\u00a0<\/h2>\r\n<h2 class=\"wp-block-heading has-text-align-center\" style=\"text-align: center;\"><strong>Szeretet- Szerelem-Harm\u00f3nia<\/strong><\/h2>\r\n<p style=\"text-align: center;\">\r\n\r\n<\/p>\r\n<p style=\"text-align: center;\">\u00a0<\/p>\r\n<p class=\"has-text-align-center\" style=\"text-align: center;\">P\u00e1rkapcsolati elvonul\u00e1s Balogh B\u00e9la, Arat\u00f3 M\u00f3nika<\/p>\r\n\r\n\r\n\r\n<p class=\"has-text-align-center\" style=\"text-align: center;\">\u00e9s az \u00c1lomv\u00f6lgy Medit\u00e1ci\u00f3s K\u00f6zpont szervez\u00e9s\u00e9ben<\/p>\r\n<p>&nbsp;<\/p>\r\n<p class=\"has-text-align-center has-pale-pink-color has-text-color has-link-color\" style=\"text-align: center;\"><strong>2025. M\u00c1JUS 23-24-25.<\/strong><\/p>\r\n<p>&nbsp;<\/p>\r\n\r\n\r\n\r\n<p>M\u00e1just mindig \u00fagy tartj\u00e1k sz\u00e1mon, mint a szerelmesek h\u00f3napja. Kivirul a term\u00e9szet, illatoznak a vir\u00e1gok, minden \u00faj \u00e9letre kel a hossz\u00fa t\u00e9l ut\u00e1n, \u00e9s benn\u00fcnk is fokozottabban m\u0171k\u00f6dnek a hormonok. Sokan \u00fagy tartj\u00e1k, a szerelem csak r\u00f3zsasz\u00edn k\u00f6d, ill\u00fazi\u00f3, amely el\u0151bb-ut\u00f3bb \u00fagy is szertefoszlik, \u00e9s marad a h\u00e9tk\u00f6znapi val\u00f3s\u00e1g, amely m\u00e1r lehet, nem is olyan sz\u00edvder\u00edt\u0151.<\/p>\r\n\r\n\r\n\r\n<p>Egyr\u00e9szt nem kellene \u00edgy lennie. M\u00e1sr\u00e9szt lehet, hogy a heves t\u0171z lassan megszel\u00edd\u00fcl, de megmaradhat a m\u00e9ly, bens\u0151s\u00e9ges szeretet, egym\u00e1s nagyrabecs\u00fcl\u00e9se, \u00e9s egym\u00e1s megb\u00edzhat\u00f3 sz\u00f6vets\u00e9geseik\u00e9nt val\u00f3 harmonikus, kellemes \u00e9s term\u00e9keny \u00e9let.<\/p>\r\n\r\n\r\n\r\n<p>Az \u00f6nc\u00e9l\u00fa, csak a saj\u00e1t \u00f6r\u00f6meit keres\u0151 \u00e9let sem a tapasztalat, sem az \u0151si b\u00f6lcsess\u00e9g szerint nem hoz hossz\u00fa t\u00e1v\u00fa boldogs\u00e1got, s\u0151t, m\u00e9g csak eg\u00e9szs\u00e9get sem. Harmonikus p\u00e1rkapcsolatoddal akkor szolg\u00e1lod legjobban a vil\u00e1got, ha ezt a harm\u00f3ni\u00e1t megosztod m\u00e1sokkal, \u00e9s \u2013 ha m\u00e1r siker\u00fclt megtal\u00e1lnod a bels\u0151 egyens\u00falyt a saj\u00e1t p\u00e1rkapcsolatodban \u2013 legf\u0151bb c\u00e9lod \u00e9s mozgat\u00f3rug\u00f3d az embert\u00e1rsaid seg\u00edt\u00e9se.<\/p>\r\n\r\n\r\n\r\n<p>Persze id\u00e1ig el kell jutni, de sem ezt, sem az ide vezet\u0151 utat nem tan\u00edtj\u00e1k az iskol\u00e1ban, \u00e9s val\u00f3sz\u00edn\u0171leg a sz\u00fcleidt\u0151l sem tudt\u00e1l meg sokat. Alapvet\u0151 k\u00fcl\u00f6nbs\u00e9gek vannak a f\u00e9rfi \u00e9s n\u0151i gondolkod\u00e1sm\u00f3dban, amit val\u00f3ban tan\u00edtani kellene, a felismer\u00e9s\u00fcket gyakorolni kellene, mert n\u00e9ha olyan a kommunik\u00e1ci\u00f3, mintha mindk\u00e9t f\u00e9l m\u00e1s nyelven besz\u00e9lne, amit a p\u00e1rja nem is \u00e9rt. Egy kis tanul\u00e1ssal, egy kis gyakorl\u00e1ssal rengeteg f\u00e9lre\u00e9rt\u00e9s \u00e9s felesleges s\u00e9rt\u0151d\u00e9s elker\u00fclhet\u0151, \u00e9s akkor m\u00e1r k\u00e9zzel foghat\u00f3 k\u00f6zels\u00e9gben van a harm\u00f3nia.<\/p>\r\n\r\n\r\n\r\n<p>Ebben szeretn\u00e9nk n\u00e9mi \u00fatmutat\u00e1st \u00e9s gyakorlati tud\u00e1st \u00e1tadni, persze mindezt k\u00f6nnyed\u00e9n, humorral \u00e9s nevet\u00e9ssel. \u00a0<\/p>\r\n<p>&nbsp;<\/p>\r\n\r\n\r\n\r\n<h4 class=\"wp-block-heading has-pale-pink-color has-text-color has-link-color has-medium-font-size wp-elements-59bdbed84869fdf94c895b400c29980c\"><strong>Az elvonul\u00e1st vezetik:<\/strong><\/h4>\r\n<p>&nbsp;<\/p>\r\n<p>&nbsp;<\/p>\r\n\r\n\r\n\r\n<p class=\"has-pale-pink-color has-text-color has-link-color wp-elements-9a1973a22c20572019477285a4fb1c9d\"><strong>Balogh B\u00e9la \u00e9s Arat\u00f3 M\u00f3nika<\/strong><\/p>\r\n<p class=\"has-pale-pink-color has-text-color has-link-color has-small-font-size\">\u00a0<\/p>\r\n\r\n\r\n\r\n<figure class=\"wp-block-image size-full\"><img decoding=\"async\" class=\"wp-image-19928\" src=\"https:\/\/www.simratyogaworld.com\/wp-content\/uploads\/BelaMoni-elvonulas.jpg\" alt=\"\" \/><\/figure>\r\n<p>&nbsp;<\/p>\r\n\r\n\r\n\r\n<h5 class=\"wp-block-heading has-pale-pink-color has-text-color has-link-color wp-elements-326f8ee9fdb8677aab3889995c40bd10\"><strong>Arat\u00f3 M\u00f3nika * kundalini \u00e9s yin j\u00f3ga intstruktor, \u00edr\u00f3, tan\u00edt\u00f3<\/strong><\/h5>\r\n\r\n\r\n\r\n<p>A p\u00e1rkapcsolatot a legmagasabb szint\u0171 j\u00f3g\u00e1nak nevezik. A p\u00e1rkapcsolat a j\u00f3ga tan\u00edt\u00e1sai szerint az a spiritu\u00e1lis t\u00e9r, amely legink\u00e1bb visszat\u00fckr\u00f6zi a karmikus feladatunkat. \u00d3ri\u00e1si fejl\u0151d\u00e9s \u00e9rhet\u0151 el \u00e1ltala. Egy j\u00f3 p\u00e1rkapcsolatot \u00e9letben tartani magas szint\u0171 m\u0171v\u00e9szet. Sokf\u00e9lek\u00e9ppen meg lehet ezt tenni: sok f\u00e1jdalommal is, vagy egy\u00fctt, a p\u00e1roddal szoros sz\u00f6vets\u00e9gben, meg\u00e9rt\u00e9sben, elfogad\u00e1sban, \u00e9s \u00edgy t\u00f6bb \u00f6r\u00f6mben. 15 \u00e9ve tan\u00edtok, \u00e9s a p\u00e1rkapcsolat t\u00e9m\u00e1j\u00e1ban m\u00e1r t\u00f6bb elvonul\u00e1st, online kurzust, \u00e9s workshopot tartottam, nagyon k\u00f6zel \u00e1ll a sz\u00edvemhez. Ezen az elvonul\u00e1son az \u00e9vekig (\u00e9s jelenleg is) tart\u00f3 \u00f6nmunka, a kundalini j\u00f3ga humanol\u00f3giai tud\u00e1sa, sz\u00e1mos itthoni \u00e9s k\u00fclf\u00f6ldi szakr\u00e1lis \u00fat tapasztalataib\u00f3l \u00e1tsz\u0171rt \u00e9lm\u00e9nyt szeretn\u00e9k \u00e1tadni.<\/p>\r\n<p>&nbsp;<\/p>\r\n\r\n\r\n\r\n<h5 class=\"wp-block-heading has-pale-pink-color has-text-color has-link-color wp-elements-ec1a4c9855e07d01d5f8783862f4bd1b\"><strong>Balogh B\u00e9la * \u00cdr\u00f3, spiritu\u00e1lis tan\u00edt\u00f3<\/strong><\/h5>\r\n\r\n\r\n\r\n<p>Mindenkinek m\u00e1s ter\u00fcleten van tanulnival\u00f3ja. Sz\u00e1momra a p\u00e1rkapcsolat volt az, ahol tal\u00e1n a legt\u00f6bbet t\u00e9vedtem, a legt\u00f6bbet tapasztaltam, \u00e9s ennek k\u00f6vetkezm\u00e9nyek\u00e9nt a legt\u00f6bbet tanultam is. A v\u00e1laszt\u00e1sokon sok m\u00falik, \u00e9s ha ott elv\u00e9ted, a j\u00f3sz\u00e1nd\u00e9k nem biztos, hogy el\u00e9g. Ma m\u00e1r messzir\u0151l felismerem, hogy egy lehets\u00e9ges p\u00e1rkapcsolat milyen lehet\u0151s\u00e9geket, \u00e9s milyen karmikus csapd\u00e1kat rejt, ill. azt, hogy mire kell odafigyelni m\u00e9g akkor is, ha minden nagyon j\u00f3l m\u0171k\u00f6dik. \u00a0<\/p>\r\n<p>&nbsp;<\/p>\r\n\r\n\r\n\r\n<p class=\"has-pale-pink-color has-text-color has-link-color wp-elements-0fafde9bddd2e3b2b85af06fbc98f9b6\"><strong>Vend\u00e9gtan\u00e1r:<\/strong><\/p>\r\n<p>&nbsp;<\/p>\r\n\r\n\r\n\r\n<h5 class=\"wp-block-heading has-small-font-size\"><strong>Kerekesn\u00e9 Moln\u00e1r Zsuzsanna * <\/strong>barna\u00f6ves Nia tan\u00e1r, rehabilit\u00e1ci\u00f3s \u00e9s prevenci\u00f3s tr\u00e9ner<\/h5>\r\n<p>&nbsp;<\/p>\r\n\r\n\r\n\r\n<p>A Nia a Test \u00datja, \u00f6ngy\u00f3gy\u00edt\u00e1s az \u00f6nfeledt, \u00f6r\u00f6mteli mozg\u00e1son kereszt\u00fcl. Az \u00e9rz\u00e9kel\u00e9s m\u0171v\u00e9szete kilenc mozg\u00e1sforma mozdulatainak \u00e9s energetik\u00e1j\u00e1nak f\u00fazi\u00f3ja, amelyb\u0151l h\u00e1rom a t\u00e1ncm\u0171v\u00e9szet, h\u00e1rom a harcm\u0171v\u00e9szetek, h\u00e1rom pedig a gy\u00f3gy\u00edt\u00f3 mozg\u00e1s vil\u00e1g\u00e1b\u00f3l ered. \u00a0<\/p>\r\n<p>&nbsp;<\/p>\r\n\r\n\r\n\r\n<figure class=\"wp-block-image aligncenter size-full is-resized\"><img decoding=\"async\" class=\"wp-image-21173 aligncenter\" src=\"https:\/\/www.simratyogaworld.com\/wp-content\/uploads\/zsuzsi2.jpg\" alt=\"\" \/><\/figure>\r\n<p>&nbsp;<\/p>\r\n\r\n\r\n\r\n<p>Zsuzsi \u00e9s f\u00e9rje h\u00e1rom gyermek sz\u00fclei. Boldog h\u00e1zass\u00e1gban \u00e9lnek, \u00e9s \u00e9ppen egy nagy terv\u00fcket kivitelezik egy\u00fctt, az emberek \u00f6r\u00f6m\u00e9re \u00e9s fejl\u0151d\u00e9s\u00e9re. \u00a0<\/p>\r\n<p>&nbsp;<\/p>\r\n\r\n\r\n\r\n<h4 class=\"wp-block-heading has-pale-pink-color has-text-color has-link-color wp-elements-b83898dc30b668765f980d1f047bf46e\"><strong>Kiket v\u00e1runk?<\/strong><\/h4>\r\n<p>&nbsp;<\/p>\r\n<p>H\u00f6lgyeket \u00e9s urakat, egy\u00e9nileg vagy p\u00e1rban. \u00a0<\/p>\r\n<p>&nbsp;<\/p>\r\n<p class=\"has-black-color has-text-color has-link-color\"><strong>Az elvonul\u00e1s semmilyen el\u0151k\u00e9pzetts\u00e9get nem ig\u00e9nyel! V\u00e1runk, ha p\u00e1rkapcsolatban is, \u00e9s akkor is, ha most teremted.<\/strong><\/p>\r\n<p>&nbsp;<\/p>\r\n<p>&nbsp;<\/p>\r\n\r\n\r\n\r\n<h4 class=\"wp-block-heading has-pale-pink-color has-text-color has-link-color wp-elements-66f84c8edf9bc0f6d4eba6c725bd0dc5\"><strong>Az elvonul\u00e1s helysz\u00edne:<\/strong><\/h4>\r\n<p>&nbsp;<\/p>\r\n\r\n\r\n\r\n<p><strong>\u00c1lomv\u00f6lgy Medit\u00e1ci\u00f3s K\u00f6zpont<\/strong>, Piliscsaba, B\u00e9rc utca vagy Panor\u00e1ma utca 15. \u00a0 <a href=\"https:\/\/www.google.hu\/maps\/place\/47%C2%B037'51.6%22N+18%C2%B048'18.9%22E\/@47.631,18.8032649,554m\/data=!3m2!1e3!4b1!4m6!3m5!1s0x0:0x0!7e2!8m2!3d47.6309922!4d18.8052565?hl=hu\">T\u00e9rk\u00e9pen itt n\u00e9zheted meg!<\/a> \u00a0<\/p>\r\n<p>&nbsp;<\/p>\r\n\r\n\r\n\r\n<figure class=\"wp-block-image size-full\"><img decoding=\"async\" class=\"wp-image-20218\" src=\"https:\/\/www.simratyogaworld.com\/wp-content\/uploads\/alomvolgy_meditacios_kozpont_09.jpg\" alt=\"\" \/><\/figure>\r\n<p>&nbsp;<\/p>\r\n<p>&nbsp;<\/p>\r\n\r\n\r\n\r\n<h4 class=\"wp-block-heading has-pale-pink-color has-text-color has-link-color wp-elements-186b541881d3692969083c122d4869c4\"><strong>Megk\u00f6zel\u00edt\u00e9s:<\/strong><\/h4>\r\n<p>&nbsp;<\/p>\r\n<p><strong>Aut\u00f3val:<\/strong>\u00a0<strong>Telekocsik megszervez\u00e9s\u00e9ben seg\u00edt\u00fcnk<\/strong> Budapestr\u0151l vagy Piliscsaba vas\u00fat\u00e1llom\u00e1sr\u00f3l! 10-es \u00faton Piliscsaba, Templom t\u00e9rig, onnan balra Tinnye, Perb\u00e1l fel\u00e9, majd kb. 1,3 km ut\u00e1n jobbra, \u00c1lomv\u00f6lgy M1- fel\u0151l Zs\u00e1mb\u00e9ki let\u00e9r\u0151n\u00e9l Zs\u00e1mb\u00e9k-T\u00f6k-Perb\u00e1l-Tinnye-Piliscsaba. Az Isten hozott Piliscsab\u00e1n t\u00e1bla ut\u00e1n balra (el\u00e9g nehezen \u00e9szrevehet\u0151 le\u00e1gaz\u00e1s), \u00c1lomv\u00f6lgy fel\u00e9.<\/p>\r\n\r\n\r\n\r\n<p><a href=\"https:\/\/uj.utvonalterv.hu\/#!l=0,1!p=10\/47.4986\/19.0407\">Tervezd meg az utat itt!<\/a><\/p>\r\n\r\n\r\n\r\n<p><strong>Vas\u00fat:<\/strong> Nyugatib\u00f3l indul\u00f3 vonatok, Piliscsaba vas\u00fat\u00e1llom\u00e1sig. Onnan el\u0151zetes e- mailes egyeztet\u00e9s eset\u00e9n igyeksz\u00fcnk aut\u00f3val seg\u00edteni.<\/p>\r\n\r\n\r\n\r\n<p><strong>Busz:<\/strong>\u00a0800-as \u00e9s 8001-es j\u00e1rat az \u00c1rp\u00e1d h\u00edd pesti h\u00eddf\u0151n\u00e9l l\u00e9v\u0151 busz\u00e1llom\u00e1st\u00f3l Piliscsaba \u201eIskola\u201d meg\u00e1ll\u00f3ig. Onnan vagy gyalog, vagy e- mailes el\u0151zetes egyeztet\u00e9ssel telekocsik szervez\u00e9s\u00e9ben seg\u00edt\u00fcnk.<\/p>\r\n\r\n\r\n\r\n<p><strong>Parkol\u00e1s:<\/strong>\u00a0Az \u00c1lomv\u00f6lgy Medit\u00e1ci\u00f3s K\u00f6zpont bels\u0151 parkol\u00f3j\u00e1ban, valamint a B\u00e9rc utc\u00e1ban a bej\u00e1rati kapu f\u00f6l\u00f6tti szakaszon.<\/p>\r\n\r\n\r\n\r\n<p><strong>A Medit\u00e1ci\u00f3s K\u00f6zpont honlapja: <a href=\"https:\/\/alomvolgykozpont.hu\/\">www.alomvolgykozpont.hu\u00a0<\/a><\/strong> \u00a0<\/p>\r\n<p>&nbsp;<\/p>\r\n\r\n\r\n\r\n<h4 class=\"wp-block-heading has-pale-pink-color has-text-color has-link-color wp-elements-ce0d6c69412fe0e1c638df4f2221f41c\"><strong>Sz\u00e1ll\u00e1s:<\/strong><\/h4>\r\n<p>&nbsp;<\/p>\r\n\r\n\r\n\r\n<p>Elhelyez\u00e9s \u00f6sszkomfortos mobilh\u00e1zakban, \u00e9s \u00f6sszk\u00f6zm\u0171ves jurt\u00e1kban. \u00a0<\/p>\r\n<p>&nbsp;<\/p>\r\n\r\n\r\n\r\n<h4 class=\"wp-block-heading has-pale-pink-color has-text-color has-link-color wp-elements-400b43516adfd0f0ce7b5db9ed21087d\"><strong>\u00c9tkez\u00e9s:<\/strong><\/h4>\r\n<p>&nbsp;<\/p>\r\n\r\n\r\n\r\n<p>Napi h\u00e1romszori, b\u0151s\u00e9ges veget\u00e1ri\u00e1nus \u00e9tkez\u00e9s.\u00a0 Lehet\u0151s\u00e9g van veg\u00e1n \u00e9s glut\u00e9nmentes \u00e9tkez\u00e9sre is! K\u00e9r\u00fcnk, a jelentkez\u00e9sn\u00e9l jelezd ig\u00e9nyedet! \u00a0<\/p>\r\n<p>&nbsp;<\/p>\r\n<h4 class=\"wp-block-heading has-pale-pink-color has-text-color has-link-color\"><strong>Az elvonul\u00e1s programja:<\/strong><\/h4>\r\n<p>&nbsp;<\/p>\r\n\r\n\r\n\r\n<p>Az elvonul\u00e1s p\u00e9nteken 15 \u00f3rakor kezd\u0151dik.<\/p>\r\n\r\n\r\n\r\n<p>Hallgathatsz el\u0151ad\u00e1sokat B\u00e9l\u00e1t\u00f3l \u00e9s M\u00f3nik\u00e1t\u00f3l, fejlesztheted a tudatoss\u00e1godat kundalini \u00e9s yin j\u00f3ga gyakorlatokon, medit\u00e1ci\u00f3kon, egy\u00e9ni, csoportos gyakorlatokon kereszt\u00fcl. Lesz film, zene, t\u00e1nc Zsuzsival, szanuna. finom \u00e9telek. Mindezt gy\u00f6ny\u00f6r\u0171 k\u00f6rnyezetben \u00e9s megtart\u00f3 k\u00f6z\u00f6ss\u00e9gben.<\/p>\r\n\r\n\r\n\r\n<p>B\u0151ven rendelkez\u00e9sre \u00e1ll majd pihen\u0151 id\u0151 is, hogy integr\u00e1lni tudd magadban a tapasztalatokat.<\/p>\r\n\r\n\r\n\r\n<p>A r\u00e9szletes programot minden r\u00e9sztvev\u0151 sz\u00e1m\u00e1ra el\u0151re megosztjuk.<\/p>\r\n<p>&nbsp;<\/p>\r\n\r\n\r\n\r\n<p>&nbsp;<\/p>\r\n\r\n\r\n\r\n<figure class=\"wp-block-image aligncenter size-medium\"><img decoding=\"async\" class=\"wp-image-22233 aligncenter\" src=\"https:\/\/www.simratyogaworld.com\/wp-content\/uploads\/szauna2-300x225.jpg\" alt=\"\" \/><\/figure>\r\n\r\n\r\n\r\n<p>&nbsp;<\/p>\r\n<p>&nbsp;<\/p>\r\n\r\n\r\n\r\n<p><strong>A m\u00e1sodik napon a sz\u00fcnetekben be lehet jelentkezni egy \u00f3r\u00e1s olajos, eg\u00e9sz testes ayurv\u00e9dikus masssz\u00e1szra el\u0151zetes bejelentkez\u00e9s alapj\u00e1n! A massz\u00e1zsnak k\u00fcl\u00f6n d\u00edja van.<\/strong> \u00a0<\/p>\r\n<p>&nbsp;<\/p>\r\n\r\n\r\n\r\n<h4 class=\"wp-block-heading has-pale-pink-color has-text-color has-link-color wp-elements-62ae4b5021fc97b13fdd2a0be990614c\"><strong>Massz\u0151r:<\/strong><\/h4>\r\n<p>&nbsp;<\/p>\r\n\r\n\r\n\r\n<h5 class=\"wp-block-heading has-small-font-size\"><strong>Sarun Kovalam * indiai ayurv\u00e9dikus massz\u0151r<\/strong><\/h5>\r\n<p>&nbsp;<\/p>\r\n<p>&nbsp;<\/p>\r\n\r\n\r\n\r\n<figure class=\"wp-block-image size-thumbnail\"><img decoding=\"async\" class=\"wp-image-21147 aligncenter\" src=\"https:\/\/www.simratyogaworld.com\/wp-content\/uploads\/Sarun-150x150.jpg\" alt=\"\" \/><\/figure>\r\n\r\n\r\n\r\n<p>&nbsp;<\/p>\r\n<p>&nbsp;<\/p>\r\n\r\n\r\n\r\n<h5 class=\"wp-block-heading\"><strong>A massz\u00e1zsokra a szombati napra it<a title=\"\" href=\"https:\/\/www.simratyogaworld.com\/kapcsolat\/\">t lehet bejelentkezni el\u0151re!<\/a><\/strong><\/h5>\r\n<p>&nbsp;<\/p>\r\n\r\n\r\n\r\n<h4 class=\"wp-block-heading has-pale-pink-color has-text-color has-link-color wp-elements-047cf90be7595601af5f6b29f2b560a1\"><strong>R\u00e9szv\u00e9teli hozz\u00e1j\u00e1rul\u00e1s:<\/strong><\/h4>\r\n<p>&nbsp;<\/p>\r\n\r\n\r\n\r\n<p><strong>84 000 Ft\/f\u0151-<\/strong> sz\u00e1ll\u00e1ssal, teljes programmal \u00e9s \u00e9tkez\u00e9ssel \u00a0 \u00a0<\/p>\r\n<p>&nbsp;<\/p>\r\n<h4 class=\"wp-block-heading has-pale-pink-color has-text-color has-link-color\"><strong>Fizet\u00e9s:<\/strong><\/h4>\r\n<p>&nbsp;<\/p>\r\n\r\n\r\n\r\n<p>Jelentkez\u00e9skor 44 000 Ft bankk\u00e1rty\u00e1s fizet\u00e9ssel vagy \u00e1tutal\u00e1ssal.<\/p>\r\n\r\n\r\n\r\n<p>A fennmarad\u00f3 \u00f6sszeget a program kezdetekor a helysz\u00ednen k\u00e9szp\u00e9nzben. \u00a0<\/p>\r\n\r\n\r\n\r\n<h5 class=\"wp-block-heading has-pale-pink-color has-text-color has-link-color wp-elements-2f8b5ebcd682116adced3fd636af27b6\"><strong>A r\u00e9szv\u00e9teli d\u00edj tartalmazza az elvonul\u00e1s teljes k\u00f6lts\u00e9g\u00e9t!<\/strong><\/h5>\r\n<p>&nbsp;<\/p>\r\n\r\n\r\n\r\n<h4 class=\"wp-block-heading\"><strong>Ha h\u00edv az elvonul\u00e1s, k\u00e9rj\u00fck, jelentkezz itt!<\/strong><\/h4>\r\n\r\n\r\n\r\n<p>&nbsp;<\/p>\r\n<p class=\"has-text-align-center\" style=\"text-align: center;\"><a href='https:\/\/simratyogaworld.com\/programok\/termek\/szeretet-szerelem-harmonia-parkapcsolati-elvonulas\/' class='big-button bigpurple' target=\"_blank\">Jelentkezem az elvonul\u00e1sra!<\/a><\/p>\r\n\r\n\r\n\r\n<p>&nbsp;<\/p>\r\n<p>&nbsp;<\/p>\r\n\r\n\r\n\r\n<h4 class=\"wp-block-heading has-text-align-center\"><strong><em>Szeretettel v\u00e1runk!<\/em><\/strong><\/h4>\r\n","protected":false},"excerpt":{"rendered":"<p>\u00a0 Szeretet- Szerelem-Harm\u00f3nia \u00a0 P\u00e1rkapcsolati elvonul\u00e1s Balogh B\u00e9la, Arat\u00f3 M\u00f3nika \u00e9s az \u00c1lomv\u00f6lgy Medit\u00e1ci\u00f3s K\u00f6zpont szervez\u00e9s\u00e9ben &nbsp; 2025. M\u00c1JUS 23-24-25. &nbsp; M\u00e1just mindig \u00fagy tartj\u00e1k sz\u00e1mon, mint a szerelmesek h\u00f3napja. Kivirul a term\u00e9szet, illatoznak a vir\u00e1gok, minden \u00faj \u00e9letre kel a hossz\u00fa t\u00e9l ut\u00e1n, \u00e9s benn\u00fcnk is fokozottabban m\u0171k\u00f6dnek a hormonok. Sokan \u00fagy tartj\u00e1k, a [&hellip;]<\/p>\n","protected":false},"author":2,"featured_media":7466,"comment_status":"closed","ping_status":"closed","sticky":false,"template":"","format":"standard","meta":{"_et_pb_use_builder":"","_et_pb_old_content":"","_et_gb_content_width":"","footnotes":""},"categories":[98],"tags":[],"class_list":["post-7465","post","type-post","status-publish","format-standard","has-post-thumbnail","hentry","category-kozelgo-programjaink"],"aioseo_notices":[],"_links":{"self":[{"href":"https:\/\/simratyogaworld.com\/programok\/wp-json\/wp\/v2\/posts\/7465","targetHints":{"allow":["GET"]}}],"collection":[{"href":"https:\/\/simratyogaworld.com\/programok\/wp-json\/wp\/v2\/posts"}],"about":[{"href":"https:\/\/simratyogaworld.com\/programok\/wp-json\/wp\/v2\/types\/post"}],"author":[{"embeddable":true,"href":"https:\/\/simratyogaworld.com\/programok\/wp-json\/wp\/v2\/users\/2"}],"replies":[{"embeddable":true,"href":"https:\/\/simratyogaworld.com\/programok\/wp-json\/wp\/v2\/comments?post=7465"}],"version-history":[{"count":3,"href":"https:\/\/simratyogaworld.com\/programok\/wp-json\/wp\/v2\/posts\/7465\/revisions"}],"predecessor-version":[{"id":7469,"href":"https:\/\/simratyogaworld.com\/programok\/wp-json\/wp\/v2\/posts\/7465\/revisions\/7469"}],"wp:featuredmedia":[{"embeddable":true,"href":"https:\/\/simratyogaworld.com\/programok\/wp-json\/wp\/v2\/media\/7466"}],"wp:attachment":[{"href":"https:\/\/simratyogaworld.com\/programok\/wp-json\/wp\/v2\/media?parent=7465"}],"wp:term":[{"taxonomy":"category","embeddable":true,"href":"https:\/\/simratyogaworld.com\/programok\/wp-json\/wp\/v2\/categories?post=7465"},{"taxonomy":"post_tag","embeddable":true,"href":"https:\/\/simratyogaworld.com\/programok\/wp-json\/wp\/v2\/tags?post=7465"}],"curies":[{"name":"wp","href":"https:\/\/api.w.org\/{rel}","templated":true}]}}